{"id":7413,"date":"2022-09-01T11:48:14","date_gmt":"2022-09-01T09:48:14","guid":{"rendered":"https:\/\/www.decimas.com\/blog?p=7413"},"modified":"2023-02-27T09:53:54","modified_gmt":"2023-02-27T07:53:54","slug":"rentree-classes","status":"publish","type":"post","link":"https:\/\/www.decimas.com\/blog\/fr\/rentree-classes\/","title":{"rendered":"C\u2019est la rentr\u00e9e des classes : tous \u00e0 la mode avec D\u00e9cimas !"},"content":{"rendered":"<p>D\u00e9j\u00e0 la rentr\u00e9e des classes\u00a0? Eh oui, les enfants sont pratiquement de retour sur les bancs de l\u2019\u00e9cole. Certains ont h\u00e2te de retrouver leurs camarades tandis que d\u2019autres voudraient bien prolonger les vacances. Le mois de septembre vient de d\u00e9buter et il est synonyme de pr\u00e9paratifs pour retourner \u00e0 l\u2019\u00e9cole en arborant un look sportif, des surv\u00eatements et des sac \u00e0 dos pour vivre une ann\u00e9e scolaire au top. Sur D\u00e9cimas, nous avons pr\u00e9par\u00e9 une liste des indispensables pour une rentr\u00e9e des classes id\u00e9ale, sportive et au top de la mode. Le compte \u00e0 rebours a commenc\u00e9\u00a0!<\/p>\n<h2>De jolis surv\u00eatements et des chaussures r\u00e9sistantes pour les filles et les gar\u00e7ons<\/h2>\n<p>Avec la rentr\u00e9e des classes et la pouss\u00e9e de croissance de nos enfants pendant l\u2019\u00e9t\u00e9, il est indispensable de renouveler leur garde-robe de sport. \u00c0 commencer par les surv\u00eatements, qui ne sont plus uniquement r\u00e9serv\u00e9s au cours d&rsquo;\u00e9ducation physique et sportive. Aujourd&rsquo;hui, <strong>le surv\u00eatement est devenu un<\/strong><strong> classique du quotidien<\/strong>\u00a0:<\/p>\n<ul>\n<li>Le surv\u00eatement de sport pour gar\u00e7on se modernise pour s\u2019adapter aux go\u00fbts de nos t\u00eates blondes tout en conservant sa r\u00e9sistance l\u00e9gendaire.<\/li>\n<\/ul>\n<h4><a href=\"https:\/\/www.decimas.com\/fr-fr\/surv-tement-training-tenth-polyset-garcon-4521065816.html\" target=\"_blank\" rel=\"noopener\"><img fetchpriority=\"high\" decoding=\"async\" class=\"aligncenter wp-image-7347 size-medium\" src=\"https:\/\/images.decimas.com\/uploads\/2021\/08\/chandal-tenth.jpg?auto=format%2Ccompress&#038;fit=crop&#038;h=300&#038;ixlib=php-3.3.0&#038;w=199\" alt=\"Surv\u00eatement de training Tenth Polyset pour gar\u00e7on\" srcset=\"https:\/\/images.decimas.com\/uploads\/2021\/08\/chandal-tenth.jpg?auto=format%2Ccompress&amp;fit=crop&amp;h=376&amp;ixlib=php-3.3.0&amp;w=250 250w, https:\/\/images.decimas.com\/uploads\/2021\/08\/chandal-tenth.jpg?auto=format%2Ccompress&amp;fit=crop&amp;h=180&amp;ixlib=php-3.3.0&amp;w=120 120w, https:\/\/images.decimas.com\/uploads\/2021\/08\/chandal-tenth.jpg?auto=format%2Ccompress&amp;ixlib=php-3.3.0&amp;w=366 366w\" sizes=\"(max-width: 199px) 100vw, 199px\" data-recalc-dims=\"1\" \/><\/a><\/h4>\n<ul>\n<li>Les <strong>b\u00e9b\u00e9s et les tout-petits<\/strong> seront libres de leurs mouvements dans ce surv\u00eatement adidas <strong>tr\u00e8s <\/strong><strong>doux au toucher<\/strong> et facile \u00e0 enfiler gr\u00e2ce aux boutons sur le sweat-shirt.<\/li>\n<\/ul>\n<h4><strong><a href=\"https:\/\/www.decimas.com\/fr-fr\/surv-tement-training-adidas-bos-garcon-adi5210192.html\" target=\"_blank\" rel=\"noopener\"><img decoding=\"async\" class=\"aligncenter wp-image-7341 size-medium\" src=\"https:\/\/images.decimas.com\/uploads\/2021\/08\/chandal-adidas.jpg?auto=format%2Ccompress&#038;fit=crop&#038;h=300&#038;ixlib=php-3.3.0&#038;w=199\" alt=\"Surv\u00eatement adidas bos pour enfant\" srcset=\"https:\/\/images.decimas.com\/uploads\/2021\/08\/chandal-adidas.jpg?auto=format%2Ccompress&amp;fit=crop&amp;h=376&amp;ixlib=php-3.3.0&amp;w=250 250w, https:\/\/images.decimas.com\/uploads\/2021\/08\/chandal-adidas.jpg?auto=format%2Ccompress&amp;fit=crop&amp;h=180&amp;ixlib=php-3.3.0&amp;w=120 120w, https:\/\/images.decimas.com\/uploads\/2021\/08\/chandal-adidas.jpg?auto=format%2Ccompress&amp;ixlib=php-3.3.0&amp;w=366 366w\" sizes=\"(max-width: 199px) 100vw, 199px\" data-recalc-dims=\"1\" \/><\/a><\/strong><\/h4>\n<ul>\n<li>Pour arborer un look \u00e0 la silhouette athl\u00e9tique pour la rentr\u00e9e des classes, les demoiselles adoreront ce <a href=\"https:\/\/www.decimas.com\/fr-fr\/surv-tement-training-tenth-capucha-fille-9521065816.html\" target=\"_blank\" rel=\"noopener\">surv\u00eatement \u00e0 la mode<\/a> avec sweat \u00e0 capuche.<\/li>\n<\/ul>\n<h4><a href=\"https:\/\/www.decimas.com\/fr-fr\/surv-tement-training-tenth-capucha-fille-9521065816.html\" target=\"_blank\" rel=\"noopener\"><img decoding=\"async\" class=\"aligncenter wp-image-7344 size-medium\" src=\"https:\/\/images.decimas.com\/uploads\/2021\/08\/chandal-capucha.jpg?auto=format%2Ccompress&#038;fit=crop&#038;h=300&#038;ixlib=php-3.3.0&#038;w=199\" alt=\"Surv\u00eatement \u00e0 capuche Tenth pour fille\" srcset=\"https:\/\/images.decimas.com\/uploads\/2021\/08\/chandal-capucha.jpg?auto=format%2Ccompress&amp;fit=crop&amp;h=376&amp;ixlib=php-3.3.0&amp;w=250 250w, https:\/\/images.decimas.com\/uploads\/2021\/08\/chandal-capucha.jpg?auto=format%2Ccompress&amp;fit=crop&amp;h=180&amp;ixlib=php-3.3.0&amp;w=120 120w, https:\/\/images.decimas.com\/uploads\/2021\/08\/chandal-capucha.jpg?auto=format%2Ccompress&amp;ixlib=php-3.3.0&amp;w=366 366w\" sizes=\"(max-width: 199px) 100vw, 199px\" data-recalc-dims=\"1\" \/><\/a><\/h4>\n<p>Apr\u00e8s deux\u00a0mois de vacances, ces petits pieds ne sont finalement plus si petits. L\u2019arriv\u00e9e du mois de septembre s\u2019accompagne souvent d\u2019un changement de pointure. Il faut donc pr\u00e9voir de nouvelles chaussures pour la rentr\u00e9e des classes\u00a0:<\/p>\n<ul>\n<li>Chaussures d&rsquo;\u00e9cole Tenth \u00e0 deux scratchs ultra-r\u00e9sistantes.<\/li>\n<\/ul>\n<h4><a href=\"https:\/\/www.decimas.com\/fr-fr\/chaussures-sport-tenth-rio-ii-boy-jr-garcon-4520130204.html\" target=\"_blank\" rel=\"noopener\"><img loading=\"lazy\" decoding=\"async\" class=\"aligncenter wp-image-7386 size-medium\" src=\"https:\/\/images.decimas.com\/uploads\/2021\/08\/zapatillas-tenth.jpg?auto=format%2Ccompress&#038;fit=crop&#038;h=300&#038;ixlib=php-3.3.0&#038;w=199\" alt=\"Chaussures de sport Tenth Rio II pour gar\u00e7on\" srcset=\"https:\/\/images.decimas.com\/uploads\/2021\/08\/zapatillas-tenth.jpg?auto=format%2Ccompress&amp;fit=crop&amp;h=376&amp;ixlib=php-3.3.0&amp;w=250 250w, https:\/\/images.decimas.com\/uploads\/2021\/08\/zapatillas-tenth.jpg?auto=format%2Ccompress&amp;fit=crop&amp;h=180&amp;ixlib=php-3.3.0&amp;w=120 120w, https:\/\/images.decimas.com\/uploads\/2021\/08\/zapatillas-tenth.jpg?auto=format%2Ccompress&amp;ixlib=php-3.3.0&amp;w=366 366w\" sizes=\"(max-width: 199px) 100vw, 199px\" data-recalc-dims=\"1\" \/><\/a><\/h4>\n<ul>\n<li>Chaussures Skechers de couleur rose, id\u00e9ales pour commencer l\u2019\u00e9cole d\u2019un pas assur\u00e9 ou ces <a href=\"https:\/\/www.decimas.com\/fr-fr\/chaussures-moda-adidas-breaknet-fille-adi5210040.html\" target=\"_blank\" rel=\"noopener\">tennis blanches adidas avec bandes iris\u00e9es<\/a>, qui feront le bonheur des plus grandes.<\/li>\n<\/ul>\n<p><a href=\"https:\/\/www.decimas.com\/fr-fr\/chaussures-mode-skechers-microspec-fille-ske5210007.html\" target=\"_blank\" rel=\"noopener\"><img loading=\"lazy\" decoding=\"async\" class=\"aligncenter wp-image-7383 size-medium\" src=\"https:\/\/images.decimas.com\/uploads\/2021\/08\/zapatillas-skechers.jpg?auto=format%2Ccompress&#038;fit=crop&#038;h=300&#038;ixlib=php-3.3.0&#038;w=199\" alt=\"Chaussures Skechers Stepz 2.0 microspec pour fille\" srcset=\"https:\/\/images.decimas.com\/uploads\/2021\/08\/zapatillas-skechers.jpg?auto=format%2Ccompress&amp;fit=crop&amp;h=376&amp;ixlib=php-3.3.0&amp;w=250 250w, https:\/\/images.decimas.com\/uploads\/2021\/08\/zapatillas-skechers.jpg?auto=format%2Ccompress&amp;fit=crop&amp;h=180&amp;ixlib=php-3.3.0&amp;w=120 120w, https:\/\/images.decimas.com\/uploads\/2021\/08\/zapatillas-skechers.jpg?auto=format%2Ccompress&amp;ixlib=php-3.3.0&amp;w=366 366w\" sizes=\"(max-width: 199px) 100vw, 199px\" data-recalc-dims=\"1\" \/><\/a><a href=\"https:\/\/www.decimas.com\/fr-fr\/chaussures-moda-adidas-breaknet-fille-adi5210040.html\" target=\"_blank\" rel=\"noopener\"><img loading=\"lazy\" decoding=\"async\" class=\"aligncenter wp-image-7374 size-medium\" src=\"https:\/\/images.decimas.com\/uploads\/2021\/08\/zapatillas-adidas.jpg?auto=format%2Ccompress&#038;fit=crop&#038;h=300&#038;ixlib=php-3.3.0&#038;w=199\" alt=\"Chaussures adidas Breaknet pour fille\" srcset=\"https:\/\/images.decimas.com\/uploads\/2021\/08\/zapatillas-adidas.jpg?auto=format%2Ccompress&amp;fit=crop&amp;h=376&amp;ixlib=php-3.3.0&amp;w=250 250w, https:\/\/images.decimas.com\/uploads\/2021\/08\/zapatillas-adidas.jpg?auto=format%2Ccompress&amp;fit=crop&amp;h=180&amp;ixlib=php-3.3.0&amp;w=120 120w, https:\/\/images.decimas.com\/uploads\/2021\/08\/zapatillas-adidas.jpg?auto=format%2Ccompress&amp;ixlib=php-3.3.0&amp;w=366 366w\" sizes=\"(max-width: 199px) 100vw, 199px\" data-recalc-dims=\"1\" \/><\/a><\/p>\n<p>\u00b7\u00a0\u00a0\u00a0\u00a0\u00a0\u00a0\u00a0\u00a0 Chaussures de sport adidas noires avec scratch ou chaussures Nike junior pour enfants.<\/p>\n<h4><strong><a href=\"https:\/\/www.decimas.com\/fr-fr\/chaussures-sans-univers-adidas-runfalcon-homme-adi5210111.html\" target=\"_blank\" rel=\"noopener\"><img loading=\"lazy\" decoding=\"async\" class=\"aligncenter wp-image-7380 size-medium\" src=\"https:\/\/images.decimas.com\/uploads\/2021\/08\/zapatillas-running.jpg?auto=format%2Ccompress&#038;fit=crop&#038;h=300&#038;ixlib=php-3.3.0&#038;w=199\" alt=\"Chaussures de running adidas Runfalcon 2.0 pour gar\u00e7on\" srcset=\"https:\/\/images.decimas.com\/uploads\/2021\/08\/zapatillas-running.jpg?auto=format%2Ccompress&amp;fit=crop&amp;h=376&amp;ixlib=php-3.3.0&amp;w=250 250w, https:\/\/images.decimas.com\/uploads\/2021\/08\/zapatillas-running.jpg?auto=format%2Ccompress&amp;fit=crop&amp;h=180&amp;ixlib=php-3.3.0&amp;w=120 120w, https:\/\/images.decimas.com\/uploads\/2021\/08\/zapatillas-running.jpg?auto=format%2Ccompress&amp;ixlib=php-3.3.0&amp;w=366 366w\" sizes=\"(max-width: 199px) 100vw, 199px\" data-recalc-dims=\"1\" \/><\/a><a href=\"https:\/\/www.decimas.com\/fr-fr\/chaussures-running-nike-star-runner-junior-nik5210043.html\" target=\"_blank\" rel=\"noopener\"><img loading=\"lazy\" decoding=\"async\" class=\"aligncenter wp-image-7377 size-medium\" src=\"https:\/\/images.decimas.com\/uploads\/2021\/08\/zapatillas-nike.jpg?auto=format%2Ccompress&#038;fit=crop&#038;h=300&#038;ixlib=php-3.3.0&#038;w=199\" alt=\"Chaussures Nike Star Runner junior\" srcset=\"https:\/\/images.decimas.com\/uploads\/2021\/08\/zapatillas-nike.jpg?auto=format%2Ccompress&amp;fit=crop&amp;h=376&amp;ixlib=php-3.3.0&amp;w=250 250w, https:\/\/images.decimas.com\/uploads\/2021\/08\/zapatillas-nike.jpg?auto=format%2Ccompress&amp;fit=crop&amp;h=180&amp;ixlib=php-3.3.0&amp;w=120 120w, https:\/\/images.decimas.com\/uploads\/2021\/08\/zapatillas-nike.jpg?auto=format%2Ccompress&amp;ixlib=php-3.3.0&amp;w=366 366w\" sizes=\"(max-width: 199px) 100vw, 199px\" data-recalc-dims=\"1\" \/><\/a><\/strong><\/h4>\n<h2>Sac \u00e0 dos incontournables pour la rentr\u00e9e des classes<\/h2>\n<p>Pour que la rentr\u00e9e scolaire se passe comme sur des roulettes, il faut choisir le sac \u00e0 dos id\u00e9al pour bien ranger tout le mat\u00e9riel de votre enfant. Un accessoire qui l\u2019accompagnera en classe chaque jour, tout comme cette trousse d&rsquo;\u00e9cole avec son <a href=\"https:\/\/www.decimas.com\/fr-fr\/accessoires-sportwear-tenth-purpurina-fille-9521140704.html\" target=\"_blank\" rel=\"noopener\">design \u00e0 paillettes<\/a> qui lui permettra de ranger toutes ses fournitures d&rsquo;\u00e9criture.<\/p>\n<h4><strong><a href=\"https:\/\/www.decimas.com\/fr-fr\/accessoires-sportwear-tenth-purpurina-fille-9521140704.html\" target=\"_blank\" rel=\"noopener\"><img loading=\"lazy\" decoding=\"async\" class=\"aligncenter wp-image-7350 size-medium\" src=\"https:\/\/images.decimas.com\/uploads\/2021\/08\/estuche-purpurina.jpg?auto=format%2Ccompress&#038;fit=crop&#038;h=300&#038;ixlib=php-3.3.0&#038;w=199\" alt=\"Trousse Tenth \u00e0 paillettes pour fille\" srcset=\"https:\/\/images.decimas.com\/uploads\/2021\/08\/estuche-purpurina.jpg?auto=format%2Ccompress&amp;fit=crop&amp;h=376&amp;ixlib=php-3.3.0&amp;w=250 250w, https:\/\/images.decimas.com\/uploads\/2021\/08\/estuche-purpurina.jpg?auto=format%2Ccompress&amp;fit=crop&amp;h=180&amp;ixlib=php-3.3.0&amp;w=120 120w, https:\/\/images.decimas.com\/uploads\/2021\/08\/estuche-purpurina.jpg?auto=format%2Ccompress&amp;ixlib=php-3.3.0&amp;w=366 366w\" sizes=\"(max-width: 199px) 100vw, 199px\" data-recalc-dims=\"1\" \/><\/a><\/strong><\/h4>\n<ul>\n<li>Pour aller au coll\u00e8ge ou au lyc\u00e9e, le sac \u00e0 dos Vans fascine aussi bien les gar\u00e7ons que les filles.<\/li>\n<\/ul>\n<h4><strong><a href=\"https:\/\/www.decimas.com\/fr-fr\/sac-a-dos-mode-vans-old-skool-homme-van5200022.html\" target=\"_blank\" rel=\"noopener\"><img loading=\"lazy\" decoding=\"async\" class=\"aligncenter wp-image-7356 size-medium\" src=\"https:\/\/images.decimas.com\/uploads\/2021\/08\/mochila-vans.jpg?auto=format%2Ccompress&#038;fit=crop&#038;h=300&#038;ixlib=php-3.3.0&#038;w=199\" alt=\"Sac \u00e0 dos Vans Old Skool\" srcset=\"https:\/\/images.decimas.com\/uploads\/2021\/08\/mochila-vans.jpg?auto=format%2Ccompress&amp;fit=crop&amp;h=376&amp;ixlib=php-3.3.0&amp;w=250 250w, https:\/\/images.decimas.com\/uploads\/2021\/08\/mochila-vans.jpg?auto=format%2Ccompress&amp;fit=crop&amp;h=180&amp;ixlib=php-3.3.0&amp;w=120 120w, https:\/\/images.decimas.com\/uploads\/2021\/08\/mochila-vans.jpg?auto=format%2Ccompress&amp;ixlib=php-3.3.0&amp;w=366 366w\" sizes=\"(max-width: 199px) 100vw, 199px\" data-recalc-dims=\"1\" \/><\/a><\/strong><\/h4>\n<ul>\n<li>Un sac \u00e0 dos au format mini est parfait pour l\u2019\u00e9cole primaire.<\/li>\n<\/ul>\n<h4><a href=\"https:\/\/www.decimas.com\/fr-fr\/sac-a-dos-freestyle-tenth-unicornios-fille-9521140700.html\" target=\"_blank\" rel=\"noopener\"><img loading=\"lazy\" decoding=\"async\" class=\"aligncenter wp-image-7399 size-medium\" src=\"https:\/\/images.decimas.com\/uploads\/2021\/08\/mochila-tenth.jpg?auto=format%2Ccompress&#038;fit=crop&#038;h=300&#038;ixlib=php-3.3.0&#038;w=199\" alt=\"Mini sac \u00e0 dos Tenth licorne pour fille\" srcset=\"https:\/\/images.decimas.com\/uploads\/2021\/08\/mochila-tenth.jpg?auto=format%2Ccompress&amp;fit=crop&amp;h=376&amp;ixlib=php-3.3.0&amp;w=250 250w, https:\/\/images.decimas.com\/uploads\/2021\/08\/mochila-tenth.jpg?auto=format%2Ccompress&amp;fit=crop&amp;h=180&amp;ixlib=php-3.3.0&amp;w=120 120w, https:\/\/images.decimas.com\/uploads\/2021\/08\/mochila-tenth.jpg?auto=format%2Ccompress&amp;ixlib=php-3.3.0&amp;w=366 366w\" sizes=\"(max-width: 199px) 100vw, 199px\" data-recalc-dims=\"1\" \/><\/a><\/h4>\n<ul>\n<li>Les sacs \u00e0 dos Nike de couleur unie plaisent autant aux gar\u00e7ons qu\u2019aux filles.<\/li>\n<\/ul>\n<h4><a href=\"https:\/\/www.decimas.com\/fr-fr\/sac-a-dos-mode-nike-femme-nik7210228.html\" target=\"_blank\" rel=\"noopener\"><img loading=\"lazy\" decoding=\"async\" class=\"aligncenter wp-image-7353 size-medium\" src=\"https:\/\/images.decimas.com\/uploads\/2021\/08\/mochila-nike.jpg?auto=format%2Ccompress&#038;fit=crop&#038;h=300&#038;ixlib=php-3.3.0&#038;w=199\" alt=\"Sac \u00e0 dos Nike Elemental Graphic\" srcset=\"https:\/\/images.decimas.com\/uploads\/2021\/08\/mochila-nike.jpg?auto=format%2Ccompress&amp;fit=crop&amp;h=376&amp;ixlib=php-3.3.0&amp;w=250 250w, https:\/\/images.decimas.com\/uploads\/2021\/08\/mochila-nike.jpg?auto=format%2Ccompress&amp;fit=crop&amp;h=180&amp;ixlib=php-3.3.0&amp;w=120 120w, https:\/\/images.decimas.com\/uploads\/2021\/08\/mochila-nike.jpg?auto=format%2Ccompress&amp;ixlib=php-3.3.0&amp;w=366 366w\" sizes=\"(max-width: 199px) 100vw, 199px\" data-recalc-dims=\"1\" \/><\/a><\/h4>\n<h2>V\u00eatements d\u00e9contract\u00e9s pour reprendre les cours : sweats, pantalons de jogging et leggings<\/h2>\n<p>Les <strong>sweat-shirts <\/strong>sont un must-have dans la garde-robe des grands et des petits. Avec la rentr\u00e9e des classes, c\u2019est le moment de <strong>changer de tailles<\/strong> et de chercher des <strong>motifs diff\u00e9rents<\/strong>. Trouvez la <strong>tenue parfaite<\/strong> entre\u00a0:<\/p>\n<h4><a href=\"https:\/\/www.decimas.com\/fr-fr\/sweat-des-sports-tenth-cerrada-basic-garcon-4521065812.html\" target=\"_blank\" rel=\"noopener\"><img loading=\"lazy\" decoding=\"async\" class=\"aligncenter wp-image-7371 size-medium\" src=\"https:\/\/images.decimas.com\/uploads\/2021\/08\/sudadera-tenth.jpg?auto=format%2Ccompress&#038;fit=crop&#038;h=300&#038;ixlib=php-3.3.0&#038;w=199\" alt=\"Sweat ferm\u00e9 Tenth Basic pour gar\u00e7on\" srcset=\"https:\/\/images.decimas.com\/uploads\/2021\/08\/sudadera-tenth.jpg?auto=format%2Ccompress&amp;fit=crop&amp;h=376&amp;ixlib=php-3.3.0&amp;w=250 250w, https:\/\/images.decimas.com\/uploads\/2021\/08\/sudadera-tenth.jpg?auto=format%2Ccompress&amp;fit=crop&amp;h=180&amp;ixlib=php-3.3.0&amp;w=120 120w, https:\/\/images.decimas.com\/uploads\/2021\/08\/sudadera-tenth.jpg?auto=format%2Ccompress&amp;ixlib=php-3.3.0&amp;w=366 366w\" sizes=\"(max-width: 199px) 100vw, 199px\" data-recalc-dims=\"1\" \/><\/a><\/h4>\n<ul>\n<li>Ce sweat ferm\u00e9 Tenth au tissu doux ou ce mod\u00e8le de sweat \u00e0 fermeture \u00e0 glissi\u00e8re pour fille.<\/li>\n<\/ul>\n<h4><strong><a href=\"https:\/\/www.decimas.com\/fr-fr\/sweat-des-sports-tenth-cremallera-fille-9521065813.html\" target=\"_blank\" rel=\"noopener\"><img loading=\"lazy\" decoding=\"async\" class=\"aligncenter wp-image-7362 size-medium\" src=\"https:\/\/images.decimas.com\/uploads\/2021\/08\/sudadera-abierta.jpg?auto=format%2Ccompress&#038;fit=crop&#038;h=300&#038;ixlib=php-3.3.0&#038;w=199\" alt=\"Sweat \u00e0 capuche ferm\u00e9 Tenth pour fille\" srcset=\"https:\/\/images.decimas.com\/uploads\/2021\/08\/sudadera-abierta.jpg?auto=format%2Ccompress&amp;fit=crop&amp;h=376&amp;ixlib=php-3.3.0&amp;w=250 250w, https:\/\/images.decimas.com\/uploads\/2021\/08\/sudadera-abierta.jpg?auto=format%2Ccompress&amp;fit=crop&amp;h=180&amp;ixlib=php-3.3.0&amp;w=120 120w, https:\/\/images.decimas.com\/uploads\/2021\/08\/sudadera-abierta.jpg?auto=format%2Ccompress&amp;ixlib=php-3.3.0&amp;w=366 366w\" sizes=\"(max-width: 199px) 100vw, 199px\" data-recalc-dims=\"1\" \/><\/a><\/strong><\/h4>\n<ul>\n<li>Ce sweat \u00e0 capuche adidas avec poche kangourou.<\/li>\n<\/ul>\n<h4><a href=\"https:\/\/www.decimas.com\/fr-fr\/sweat-moda-adidas-cb-garcon-adi5210096.html\" target=\"_blank\" rel=\"noopener\"><img loading=\"lazy\" decoding=\"async\" class=\"aligncenter wp-image-7365 size-medium\" src=\"https:\/\/images.decimas.com\/uploads\/2021\/08\/sudadera-capucha.jpg?auto=format%2Ccompress&#038;fit=crop&#038;h=300&#038;ixlib=php-3.3.0&#038;w=199\" alt=\"Sweat adidas CB pour gar\u00e7on\" srcset=\"https:\/\/images.decimas.com\/uploads\/2021\/08\/sudadera-capucha.jpg?auto=format%2Ccompress&amp;fit=crop&amp;h=376&amp;ixlib=php-3.3.0&amp;w=250 250w, https:\/\/images.decimas.com\/uploads\/2021\/08\/sudadera-capucha.jpg?auto=format%2Ccompress&amp;fit=crop&amp;h=180&amp;ixlib=php-3.3.0&amp;w=120 120w, https:\/\/images.decimas.com\/uploads\/2021\/08\/sudadera-capucha.jpg?auto=format%2Ccompress&amp;ixlib=php-3.3.0&amp;w=366 366w\" sizes=\"(max-width: 199px) 100vw, 199px\" data-recalc-dims=\"1\" \/><\/a><\/h4>\n<ul>\n<li>Cette nouveaut\u00e9, les <a href=\"https:\/\/www.decimas.com\/fr-fr\/sweat-des-sports-tenth-capucha-fille-9521065812.html\" target=\"_blank\" rel=\"noopener\">sweats courts <\/a>pour filles \u00e0 la pointe de la mode.<\/li>\n<\/ul>\n<h4><strong><a href=\"https:\/\/www.decimas.com\/fr-fr\/sweat-des-sports-tenth-capucha-fille-9521065812.html?color=1030\" target=\"_blank\" rel=\"noopener\"><img loading=\"lazy\" decoding=\"async\" class=\"aligncenter wp-image-7368 size-medium\" src=\"https:\/\/images.decimas.com\/uploads\/2021\/08\/sudadera-cropped.jpg?auto=format%2Ccompress&#038;fit=crop&#038;h=300&#038;ixlib=php-3.3.0&#038;w=199\" alt=\"Sweat court \u00e0 capuche Tenth pour fille\" srcset=\"https:\/\/images.decimas.com\/uploads\/2021\/08\/sudadera-cropped.jpg?auto=format%2Ccompress&amp;fit=crop&amp;h=376&amp;ixlib=php-3.3.0&amp;w=250 250w, https:\/\/images.decimas.com\/uploads\/2021\/08\/sudadera-cropped.jpg?auto=format%2Ccompress&amp;fit=crop&amp;h=180&amp;ixlib=php-3.3.0&amp;w=120 120w, https:\/\/images.decimas.com\/uploads\/2021\/08\/sudadera-cropped.jpg?auto=format%2Ccompress&amp;ixlib=php-3.3.0&amp;w=366 366w\" sizes=\"(max-width: 199px) 100vw, 199px\" data-recalc-dims=\"1\" \/><\/a><\/strong><\/h4>\n<p>Compl\u00e9tez cette tenue avec un pantalon de sport slim avec ceinture \u00e9lastique ou un legging \u00e0 motifs qui iront parfaitement avec n\u2019importe quel haut.<\/p>\n<h4><a href=\"https:\/\/www.decimas.com\/fr-fr\/pantalon-des-sports-tenth-slim-basic-garcon-4521065814.html\" target=\"_blank\" rel=\"noopener\"><img loading=\"lazy\" decoding=\"async\" class=\"aligncenter wp-image-7359 size-medium\" src=\"https:\/\/images.decimas.com\/uploads\/2021\/08\/pantalon-slim.jpg?auto=format%2Ccompress&#038;fit=crop&#038;h=300&#038;ixlib=php-3.3.0&#038;w=199\" alt=\"Pantalon slim de sport basic Tenth pour gar\u00e7on\" srcset=\"https:\/\/images.decimas.com\/uploads\/2021\/08\/pantalon-slim.jpg?auto=format%2Ccompress&amp;fit=crop&amp;h=376&amp;ixlib=php-3.3.0&amp;w=250 250w, https:\/\/images.decimas.com\/uploads\/2021\/08\/pantalon-slim.jpg?auto=format%2Ccompress&amp;fit=crop&amp;h=180&amp;ixlib=php-3.3.0&amp;w=120 120w, https:\/\/images.decimas.com\/uploads\/2021\/08\/pantalon-slim.jpg?auto=format%2Ccompress&amp;ixlib=php-3.3.0&amp;w=366 366w\" sizes=\"(max-width: 199px) 100vw, 199px\" data-recalc-dims=\"1\" \/><\/a><a href=\"https:\/\/www.decimas.com\/fr-fr\/leggings-des-sports-tenth-print-fille-9521065805.html\" target=\"_blank\" rel=\"noopener\"><img loading=\"lazy\" decoding=\"async\" class=\"aligncenter wp-image-7396 size-medium\" src=\"https:\/\/images.decimas.com\/uploads\/2021\/08\/mallas-tenth.jpg?auto=format%2Ccompress&#038;fit=crop&#038;h=300&#038;ixlib=php-3.3.0&#038;w=199\" alt=\"Legging long \u00e0 imprim\u00e9s Tenth pour fille\" srcset=\"https:\/\/images.decimas.com\/uploads\/2021\/08\/mallas-tenth.jpg?auto=format%2Ccompress&amp;fit=crop&amp;h=376&amp;ixlib=php-3.3.0&amp;w=250 250w, https:\/\/images.decimas.com\/uploads\/2021\/08\/mallas-tenth.jpg?auto=format%2Ccompress&amp;fit=crop&amp;h=180&amp;ixlib=php-3.3.0&amp;w=120 120w, https:\/\/images.decimas.com\/uploads\/2021\/08\/mallas-tenth.jpg?auto=format%2Ccompress&amp;ixlib=php-3.3.0&amp;w=366 366w\" sizes=\"(max-width: 199px) 100vw, 199px\" data-recalc-dims=\"1\" \/><\/a><\/h4>\n<p>Maintenant que nous sommes \u00e9quip\u00e9s des t<strong>enues d\u00e9contract\u00e9es les plus tendances du moment,<\/strong> des <strong>chaussures les plus confortables<\/strong> et des <strong>sacs \u00e0 dos les plus cools<\/strong>, il ne reste plus aux <a href=\"https:\/\/www.decimas.com\/fr-fr\/garcon-rentree\" target=\"_blank\" rel=\"noopener\">gar\u00e7ons<\/a> et aux <a href=\"https:\/\/www.decimas.com\/fr-fr\/fille-rentree\" target=\"_blank\" rel=\"noopener\">filles<\/a> <strong>qu\u2019\u00e0 retourner en classe avec enthousiasm<\/strong>e. D\u00e9cimas vous accompagne dans toutes vos aventures pour cette nouvelle ann\u00e9e scolaire\u00a0!<\/p>\n","protected":false},"excerpt":{"rendered":"<p>D\u00e9j\u00e0 la rentr\u00e9e des classes\u00a0? Eh oui, les enfants sont pratiquement de retour sur les bancs de l\u2019\u00e9cole. Certains ont h\u00e2te de retrouver leurs camarades tandis que d\u2019autres voudraient bien prolonger les vacances. Le mois de septembre vient de d\u00e9buter et il est synonyme de pr\u00e9paratifs pour retourner \u00e0 l\u2019\u00e9cole en arborant un look sportif, [&hellip;]<\/p>\n","protected":false},"author":19,"featured_media":7389,"comment_status":"open","ping_status":"open","sticky":false,"template":"","format":"standard","meta":{"footnotes":""},"categories":[486],"tags":[],"class_list":["post-7413","post","type-post","status-publish","format-standard","has-post-thumbnail","hentry","category-tendances"],"yoast_head":"<!-- This site is optimized with the Yoast SEO Premium plugin v23.6 (Yoast SEO v27.2) - https:\/\/yoast.com\/product\/yoast-seo-premium-wordpress\/ -->\n<title>C\u2019est la rentr\u00e9e des classes avec D\u00e9cimas : tous \u00e0 la mode !<\/title>\n<meta name=\"description\" content=\"Sur D\u00e9cimas, \u00e9quipez-vous pour une ann\u00e9e mention tr\u00e8s bien : surv\u00eatements, looks sportifs, chaussures et sac \u00e0 dos pour filles et gar\u00e7ons.\" \/>\n<meta name=\"robots\" content=\"index, follow, max-snippet:-1, max-image-preview:large, max-video-preview:-1\" \/>\n<link rel=\"canonical\" href=\"https:\/\/www.decimas.com\/blog\/fr\/rentree-classes\/\" \/>\n<meta property=\"og:locale\" content=\"fr_FR\" \/>\n<meta property=\"og:type\" content=\"article\" \/>\n<meta property=\"og:title\" content=\"C\u2019est la rentr\u00e9e des classes : tous \u00e0 la mode avec D\u00e9cimas !\" \/>\n<meta property=\"og:description\" content=\"Sur D\u00e9cimas, \u00e9quipez-vous pour une ann\u00e9e mention tr\u00e8s bien : surv\u00eatements, looks sportifs, chaussures et sac \u00e0 dos pour filles et gar\u00e7ons.\" \/>\n<meta property=\"og:url\" content=\"https:\/\/www.decimas.com\/blog\/fr\/rentree-classes\/\" \/>\n<meta property=\"og:site_name\" content=\"Blog D\u00e9cimas\" \/>\n<meta property=\"article:publisher\" content=\"https:\/\/m.facebook.com\/DecimasOficial\" \/>\n<meta property=\"article:published_time\" content=\"2022-09-01T09:48:14+00:00\" \/>\n<meta property=\"article:modified_time\" content=\"2023-02-27T07:53:54+00:00\" \/>\n<meta property=\"og:image\" content=\"https:\/\/images.decimas.com\/uploads\/2021\/08\/De-vuelta-al-cole.jpg?auto=format%2Ccompress&ixlib=php-3.3.0\" \/>\n\t<meta property=\"og:image:width\" content=\"1200\" \/>\n\t<meta property=\"og:image:height\" content=\"800\" \/>\n\t<meta property=\"og:image:type\" content=\"image\/jpeg\" \/>\n<meta name=\"twitter:card\" content=\"summary_large_image\" \/>\n<meta name=\"twitter:creator\" content=\"@decimasoficial\" \/>\n<meta name=\"twitter:site\" content=\"@decimasoficial\" \/>\n<script type=\"application\/ld+json\" class=\"yoast-schema-graph\">{\"@context\":\"https:\/\/schema.org\",\"@graph\":[{\"@type\":\"Article\",\"@id\":\"https:\/\/www.decimas.com\/blog\/fr\/rentree-classes\/#article\",\"isPartOf\":{\"@id\":\"https:\/\/www.decimas.com\/blog\/fr\/rentree-classes\/\"},\"author\":{\"name\":\"Blog D\u00e9cimas\",\"@id\":\"https:\/\/www.decimas.com\/blog\/fr\/\"},\"headline\":\"C\u2019est la rentr\u00e9e des classes : tous \u00e0 la mode avec D\u00e9cimas !\",\"datePublished\":\"2022-09-01T09:48:14+00:00\",\"dateModified\":\"2023-02-27T07:53:54+00:00\",\"mainEntityOfPage\":{\"@id\":\"https:\/\/www.decimas.com\/blog\/fr\/rentree-classes\/\"},\"wordCount\":668,\"commentCount\":0,\"publisher\":{\"@id\":\"https:\/\/www.decimas.com\/blog\/fr\/#organization\"},\"image\":{\"@id\":\"https:\/\/www.decimas.com\/blog\/fr\/rentree-classes\/#primaryimage\"},\"thumbnailUrl\":\"https:\/\/images.decimas.com\/uploads\/2021\/08\/De-vuelta-al-cole.jpg?auto=format%2Ccompress&ixlib=php-3.3.0\",\"articleSection\":[\"Tendances\"],\"inLanguage\":\"fr-FR\",\"potentialAction\":[{\"@type\":\"CommentAction\",\"name\":\"Comment\",\"target\":[\"https:\/\/www.decimas.com\/blog\/fr\/rentree-classes\/#respond\"]}]},{\"@type\":[\"WebPage\",\"ItemPage\"],\"@id\":\"https:\/\/www.decimas.com\/blog\/fr\/rentree-classes\/\",\"url\":\"https:\/\/www.decimas.com\/blog\/fr\/rentree-classes\/\",\"name\":\"C\u2019est la rentr\u00e9e des classes avec D\u00e9cimas : tous \u00e0 la mode !\",\"isPartOf\":{\"@id\":\"https:\/\/www.decimas.com\/blog\/fr\/#website\"},\"primaryImageOfPage\":{\"@id\":\"https:\/\/www.decimas.com\/blog\/fr\/rentree-classes\/#primaryimage\"},\"image\":{\"@id\":\"https:\/\/www.decimas.com\/blog\/fr\/rentree-classes\/#primaryimage\"},\"thumbnailUrl\":\"https:\/\/images.decimas.com\/uploads\/2021\/08\/De-vuelta-al-cole.jpg?auto=format%2Ccompress&ixlib=php-3.3.0\",\"datePublished\":\"2022-09-01T09:48:14+00:00\",\"dateModified\":\"2023-02-27T07:53:54+00:00\",\"description\":\"Sur D\u00e9cimas, \u00e9quipez-vous pour une ann\u00e9e mention tr\u00e8s bien : surv\u00eatements, looks sportifs, chaussures et sac \u00e0 dos pour filles et gar\u00e7ons.\",\"breadcrumb\":{\"@id\":\"https:\/\/www.decimas.com\/blog\/fr\/rentree-classes\/#breadcrumb\"},\"inLanguage\":\"fr-FR\",\"potentialAction\":[{\"@type\":\"ReadAction\",\"target\":[\"https:\/\/www.decimas.com\/blog\/fr\/rentree-classes\/\"]}]},{\"@type\":\"ImageObject\",\"inLanguage\":\"fr-FR\",\"@id\":\"https:\/\/www.decimas.com\/blog\/fr\/rentree-classes\/#primaryimage\",\"url\":\"https:\/\/images.decimas.com\/uploads\/2021\/08\/De-vuelta-al-cole.jpg?auto=format%2Ccompress&ixlib=php-3.3.0\",\"contentUrl\":\"https:\/\/images.decimas.com\/uploads\/2021\/08\/De-vuelta-al-cole.jpg?auto=format%2Ccompress&ixlib=php-3.3.0\",\"width\":1200,\"height\":800,\"caption\":\"rentr\u00e9e des classes\"},{\"@type\":\"BreadcrumbList\",\"@id\":\"https:\/\/www.decimas.com\/blog\/fr\/rentree-classes\/#breadcrumb\",\"itemListElement\":[{\"@type\":\"ListItem\",\"position\":1,\"name\":\"Blog\",\"item\":\"https:\/\/www.decimas.com\/blog\/fr\/home\/\"},{\"@type\":\"ListItem\",\"position\":2,\"name\":\"Tendances\",\"item\":\"https:\/\/www.decimas.com\/blog\/fr\/tendances\/\"},{\"@type\":\"ListItem\",\"position\":3,\"name\":\"C\u2019est la rentr\u00e9e des classes : tous \u00e0 la mode avec D\u00e9cimas !\"}]},{\"@type\":\"WebSite\",\"@id\":\"https:\/\/www.decimas.com\/blog\/fr\/#website\",\"url\":\"https:\/\/www.decimas.com\/blog\/fr\/\",\"name\":\"Blog de fitness y moda deportiva D\u00e9cimas\",\"description\":\"Blog de fitness y moda deportiva de D\u00e9cimas\",\"publisher\":{\"@id\":\"https:\/\/www.decimas.com\/blog\/fr\/#organization\"},\"alternateName\":\"Blog de fitness y moda deportiva D\u00e9cimas\",\"potentialAction\":[{\"@type\":\"SearchAction\",\"target\":{\"@type\":\"EntryPoint\",\"urlTemplate\":\"https:\/\/www.decimas.com\/blog\/fr\/?s={search_term_string}\"},\"query-input\":{\"@type\":\"PropertyValueSpecification\",\"valueRequired\":true,\"valueName\":\"search_term_string\"}}],\"inLanguage\":\"fr-FR\"},{\"@type\":\"Organization\",\"@id\":\"https:\/\/www.decimas.com\/blog\/fr\/#organization\",\"name\":\"Blog de fitness y moda deportiva D\u00e9cimas\",\"alternateName\":\"Blog de fitness y moda deportiva D\u00e9cimas\",\"url\":\"https:\/\/www.decimas.com\/blog\/fr\/\",\"logo\":{\"@type\":\"ImageObject\",\"inLanguage\":\"fr-FR\",\"@id\":\"https:\/\/www.decimas.com\/blog\/fr\/#\/schema\/logo\/image\/\",\"url\":\"https:\/\/images.decimas.com\/uploads\/2019\/03\/decimaslogo.png?auto=format%2Ccompress&ixlib=php-3.3.0\",\"contentUrl\":\"https:\/\/images.decimas.com\/uploads\/2019\/03\/decimaslogo.png?auto=format%2Ccompress&ixlib=php-3.3.0\",\"width\":178,\"height\":49,\"caption\":\"Blog de fitness y moda deportiva D\u00e9cimas\"},\"image\":{\"@id\":\"https:\/\/www.decimas.com\/blog\/fr\/#\/schema\/logo\/image\/\"},\"sameAs\":[\"https:\/\/m.facebook.com\/DecimasOficial\",\"https:\/\/x.com\/decimasoficial\",\"https:\/\/www.instagram.com\/decimas_es\/\"]}]}<\/script>\n<!-- \/ Yoast SEO Premium plugin. -->","yoast_head_json":{"title":"C\u2019est la rentr\u00e9e des classes avec D\u00e9cimas : tous \u00e0 la mode !","description":"Sur D\u00e9cimas, \u00e9quipez-vous pour une ann\u00e9e mention tr\u00e8s bien : surv\u00eatements, looks sportifs, chaussures et sac \u00e0 dos pour filles et gar\u00e7ons.","robots":{"index":"index","follow":"follow","max-snippet":"max-snippet:-1","max-image-preview":"max-image-preview:large","max-video-preview":"max-video-preview:-1"},"canonical":"https:\/\/www.decimas.com\/blog\/fr\/rentree-classes\/","og_locale":"fr_FR","og_type":"article","og_title":"C\u2019est la rentr\u00e9e des classes : tous \u00e0 la mode avec D\u00e9cimas !","og_description":"Sur D\u00e9cimas, \u00e9quipez-vous pour une ann\u00e9e mention tr\u00e8s bien : surv\u00eatements, looks sportifs, chaussures et sac \u00e0 dos pour filles et gar\u00e7ons.","og_url":"https:\/\/www.decimas.com\/blog\/fr\/rentree-classes\/","og_site_name":"Blog D\u00e9cimas","article_publisher":"https:\/\/m.facebook.com\/DecimasOficial","article_published_time":"2022-09-01T09:48:14+00:00","article_modified_time":"2023-02-27T07:53:54+00:00","og_image":[{"width":1200,"height":800,"url":"https:\/\/images.decimas.com\/uploads\/2021\/08\/De-vuelta-al-cole.jpg?auto=format%2Ccompress&ixlib=php-3.3.0","type":"image\/jpeg"}],"twitter_card":"summary_large_image","twitter_creator":"@decimasoficial","twitter_site":"@decimasoficial","schema":{"@context":"https:\/\/schema.org","@graph":[{"@type":"Article","@id":"https:\/\/www.decimas.com\/blog\/fr\/rentree-classes\/#article","isPartOf":{"@id":"https:\/\/www.decimas.com\/blog\/fr\/rentree-classes\/"},"author":{"name":"Blog D\u00e9cimas","@id":"https:\/\/www.decimas.com\/blog\/fr\/"},"headline":"C\u2019est la rentr\u00e9e des classes : tous \u00e0 la mode avec D\u00e9cimas !","datePublished":"2022-09-01T09:48:14+00:00","dateModified":"2023-02-27T07:53:54+00:00","mainEntityOfPage":{"@id":"https:\/\/www.decimas.com\/blog\/fr\/rentree-classes\/"},"wordCount":668,"commentCount":0,"publisher":{"@id":"https:\/\/www.decimas.com\/blog\/fr\/#organization"},"image":{"@id":"https:\/\/www.decimas.com\/blog\/fr\/rentree-classes\/#primaryimage"},"thumbnailUrl":"https:\/\/images.decimas.com\/uploads\/2021\/08\/De-vuelta-al-cole.jpg?auto=format%2Ccompress&ixlib=php-3.3.0","articleSection":["Tendances"],"inLanguage":"fr-FR","potentialAction":[{"@type":"CommentAction","name":"Comment","target":["https:\/\/www.decimas.com\/blog\/fr\/rentree-classes\/#respond"]}]},{"@type":["WebPage","ItemPage"],"@id":"https:\/\/www.decimas.com\/blog\/fr\/rentree-classes\/","url":"https:\/\/www.decimas.com\/blog\/fr\/rentree-classes\/","name":"C\u2019est la rentr\u00e9e des classes avec D\u00e9cimas : tous \u00e0 la mode !","isPartOf":{"@id":"https:\/\/www.decimas.com\/blog\/fr\/#website"},"primaryImageOfPage":{"@id":"https:\/\/www.decimas.com\/blog\/fr\/rentree-classes\/#primaryimage"},"image":{"@id":"https:\/\/www.decimas.com\/blog\/fr\/rentree-classes\/#primaryimage"},"thumbnailUrl":"https:\/\/images.decimas.com\/uploads\/2021\/08\/De-vuelta-al-cole.jpg?auto=format%2Ccompress&ixlib=php-3.3.0","datePublished":"2022-09-01T09:48:14+00:00","dateModified":"2023-02-27T07:53:54+00:00","description":"Sur D\u00e9cimas, \u00e9quipez-vous pour une ann\u00e9e mention tr\u00e8s bien : surv\u00eatements, looks sportifs, chaussures et sac \u00e0 dos pour filles et gar\u00e7ons.","breadcrumb":{"@id":"https:\/\/www.decimas.com\/blog\/fr\/rentree-classes\/#breadcrumb"},"inLanguage":"fr-FR","potentialAction":[{"@type":"ReadAction","target":["https:\/\/www.decimas.com\/blog\/fr\/rentree-classes\/"]}]},{"@type":"ImageObject","inLanguage":"fr-FR","@id":"https:\/\/www.decimas.com\/blog\/fr\/rentree-classes\/#primaryimage","url":"https:\/\/images.decimas.com\/uploads\/2021\/08\/De-vuelta-al-cole.jpg?auto=format%2Ccompress&ixlib=php-3.3.0","contentUrl":"https:\/\/images.decimas.com\/uploads\/2021\/08\/De-vuelta-al-cole.jpg?auto=format%2Ccompress&ixlib=php-3.3.0","width":1200,"height":800,"caption":"rentr\u00e9e des classes"},{"@type":"BreadcrumbList","@id":"https:\/\/www.decimas.com\/blog\/fr\/rentree-classes\/#breadcrumb","itemListElement":[{"@type":"ListItem","position":1,"name":"Blog","item":"https:\/\/www.decimas.com\/blog\/fr\/home\/"},{"@type":"ListItem","position":2,"name":"Tendances","item":"https:\/\/www.decimas.com\/blog\/fr\/tendances\/"},{"@type":"ListItem","position":3,"name":"C\u2019est la rentr\u00e9e des classes : tous \u00e0 la mode avec D\u00e9cimas !"}]},{"@type":"WebSite","@id":"https:\/\/www.decimas.com\/blog\/fr\/#website","url":"https:\/\/www.decimas.com\/blog\/fr\/","name":"Blog de fitness y moda deportiva D\u00e9cimas","description":"Blog de fitness y moda deportiva de D\u00e9cimas","publisher":{"@id":"https:\/\/www.decimas.com\/blog\/fr\/#organization"},"alternateName":"Blog de fitness y moda deportiva D\u00e9cimas","potentialAction":[{"@type":"SearchAction","target":{"@type":"EntryPoint","urlTemplate":"https:\/\/www.decimas.com\/blog\/fr\/?s={search_term_string}"},"query-input":{"@type":"PropertyValueSpecification","valueRequired":true,"valueName":"search_term_string"}}],"inLanguage":"fr-FR"},{"@type":"Organization","@id":"https:\/\/www.decimas.com\/blog\/fr\/#organization","name":"Blog de fitness y moda deportiva D\u00e9cimas","alternateName":"Blog de fitness y moda deportiva D\u00e9cimas","url":"https:\/\/www.decimas.com\/blog\/fr\/","logo":{"@type":"ImageObject","inLanguage":"fr-FR","@id":"https:\/\/www.decimas.com\/blog\/fr\/#\/schema\/logo\/image\/","url":"https:\/\/images.decimas.com\/uploads\/2019\/03\/decimaslogo.png?auto=format%2Ccompress&ixlib=php-3.3.0","contentUrl":"https:\/\/images.decimas.com\/uploads\/2019\/03\/decimaslogo.png?auto=format%2Ccompress&ixlib=php-3.3.0","width":178,"height":49,"caption":"Blog de fitness y moda deportiva D\u00e9cimas"},"image":{"@id":"https:\/\/www.decimas.com\/blog\/fr\/#\/schema\/logo\/image\/"},"sameAs":["https:\/\/m.facebook.com\/DecimasOficial","https:\/\/x.com\/decimasoficial","https:\/\/www.instagram.com\/decimas_es\/"]}]}},"_links":{"self":[{"href":"https:\/\/www.decimas.com\/blog\/fr\/wp-json\/wp\/v2\/posts\/7413","targetHints":{"allow":["GET"]}}],"collection":[{"href":"https:\/\/www.decimas.com\/blog\/fr\/wp-json\/wp\/v2\/posts"}],"about":[{"href":"https:\/\/www.decimas.com\/blog\/fr\/wp-json\/wp\/v2\/types\/post"}],"author":[{"embeddable":true,"href":"https:\/\/www.decimas.com\/blog\/fr\/wp-json\/wp\/v2\/users\/19"}],"replies":[{"embeddable":true,"href":"https:\/\/www.decimas.com\/blog\/fr\/wp-json\/wp\/v2\/comments?post=7413"}],"version-history":[{"count":5,"href":"https:\/\/www.decimas.com\/blog\/fr\/wp-json\/wp\/v2\/posts\/7413\/revisions"}],"predecessor-version":[{"id":10335,"href":"https:\/\/www.decimas.com\/blog\/fr\/wp-json\/wp\/v2\/posts\/7413\/revisions\/10335"}],"wp:featuredmedia":[{"embeddable":true,"href":"https:\/\/www.decimas.com\/blog\/fr\/wp-json\/wp\/v2\/media\/7389"}],"wp:attachment":[{"href":"https:\/\/www.decimas.com\/blog\/fr\/wp-json\/wp\/v2\/media?parent=7413"}],"wp:term":[{"taxonomy":"category","embeddable":true,"href":"https:\/\/www.decimas.com\/blog\/fr\/wp-json\/wp\/v2\/categories?post=7413"},{"taxonomy":"post_tag","embeddable":true,"href":"https:\/\/www.decimas.com\/blog\/fr\/wp-json\/wp\/v2\/tags?post=7413"}],"curies":[{"name":"wp","href":"https:\/\/api.w.org\/{rel}","templated":true}]}}